{"id":1217,"date":"2015-12-04T10:37:59","date_gmt":"2015-12-04T10:37:59","guid":{"rendered":"https:\/\/www.cabalgatadehortaleza.org\/?p=1217"},"modified":"2015-12-04T10:37:59","modified_gmt":"2015-12-04T10:37:59","slug":"fiesta-en-la-sala-galileo-galilei","status":"publish","type":"post","link":"https:\/\/www.cabalgatadehortaleza.org\/?p=1217","title":{"rendered":"Fiesta en la sala Galileo Galilei"},"content":{"rendered":"<p>[fusion_builder_container hundred_percent=\u00bbyes\u00bb overflow=\u00bbvisible\u00bb][fusion_builder_row][fusion_builder_column type=\u00bb1_1&#8243; last=\u00bbyes\u00bb spacing=\u00bbyes\u00bb center_content=\u00bbno\u00bb hide_on_mobile=\u00bbno\u00bb background_color=\u00bb\u00bb background_image=\u00bb\u00bb background_repeat=\u00bbno-repeat\u00bb background_position=\u00bbleft top\u00bb border_position=\u00bball\u00bb border_size=\u00bb0px\u00bb border_color=\u00bb\u00bb border_style=\u00bb\u00bb padding=\u00bb\u00bb margin_top=\u00bb\u00bb margin_bottom=\u00bb\u00bb animation_type=\u00bb\u00bb animation_direction=\u00bb\u00bb animation_speed=\u00bb0.1&#8243; class=\u00bb\u00bb id=\u00bb\u00bb][fusion_text]<\/p>\n<p style=\"text-align: center;\"><a href=\"https:\/\/www.cabalgatadehortaleza.org\/wp-content\/uploads\/2015\/12\/GalileoOK2.jpg\"><img loading=\"lazy\" decoding=\"async\" class=\"alignnone size-medium wp-image-1249\" src=\"https:\/\/www.cabalgatadehortaleza.org\/wp-content\/uploads\/2015\/12\/GalileoOK2-214x300.jpg\" alt=\"\" width=\"214\" height=\"300\" srcset=\"https:\/\/www.cabalgatadehortaleza.org\/wp-content\/uploads\/2015\/12\/GalileoOK2-214x300.jpg 214w, https:\/\/www.cabalgatadehortaleza.org\/wp-content\/uploads\/2015\/12\/GalileoOK2.jpg 600w\" sizes=\"(max-width: 214px) 100vw, 214px\" \/><\/a><\/p>\n<p>[\/fusion_text][fusion_title size=\u00bb1&#8243; content_align=\u00bbleft\u00bb style_type=\u00bbdefault\u00bb sep_color=\u00bb\u00bb margin_top=\u00bb\u00bb margin_bottom=\u00bb\u00bb class=\u00bb\u00bb id=\u00bb\u00bb]Fiesta de apoyo a la Cabalgata Participativa de Hortaleza[\/fusion_title][fusion_text]<\/p>\n<div style=\"text-align: justify; text-justify: distribute-all-lines;\">\n<p>Entramos en la recta final antes de la gran Cabalgata Participativa de Hortaleza, y nuestra fiesta en la sala Galileo Galilei el d\u00eda 23 nos ayuda a terminar el a\u00f1o por todo lo alto.<\/p>\n<p>Es uno de los eventos m\u00e1s esperados, y hemos conseguido unos invitados de excepci\u00f3n: tendremos humor de la mano de <a href=\"http:\/\/www.josebacomico.com\/biograf%C3%ADa\/\" target=\"_blank\" rel=\"noopener\">Joseba<\/a> (&#8216;Lev\u00e1ntate y C\u00e1rdenas&#8217;, Comedy Central), <a href=\"http:\/\/www.agustin-jimenez.com\/\" target=\"_blank\" rel=\"noopener\">Agust\u00edn Jim\u00e9nez<\/a> (&#8216;El club de la comedia&#8217;, &#8216;Ocho apellidos catalanes&#8217;, &#8216;Buenafuente&#8217;) y <a href=\"https:\/\/www.facebook.com\/PepeViyuelaActor\/\" target=\"_blank\" rel=\"noopener\">Pepe Viyuela<\/a> (&#8216;A\u00edda&#8217;, &#8216;Mortadelo y Filem\u00f3n&#8217;, &#8216;\u00c1guila roja&#8217;). Tambi\u00e9n m\u00fasica en directo a cargo de Flamenco de la Sierra, <a href=\"http:\/\/elzurdoencrudo.com\/\" target=\"_blank\" rel=\"noopener\">El Zurdo en Crudo<\/a> y el pianista showman <a href=\"https:\/\/www.facebook.com\/Jorgebedoyazuazo\/\" target=\"_blank\" rel=\"noopener\">Jorge Bedoya<\/a>.<\/p>\n<p>Todos ellos presentados por <a href=\"https:\/\/twitter.com\/joselalcobendas\" target=\"_blank\" rel=\"noopener\">Jos\u00e9 Luis Alcobendas<\/a>, actor de pel\u00edculas como &#8216;La torre de Suso&#8217; y series como &#8216;Cu\u00e9ntame, &#8216;Amar es para siempre&#8217;, &#8216;Gran Hotel&#8217;, &#8216;Hospital central&#8217;, &#8216;Periodistas&#8217;, &#8216;M\u00e9dico de familia&#8217;\u2026<\/p>\n<p>Como veis, un cartel de lujo del que nos sentimos muy orgullosos, y del que podremos disfrutar por solo 10 \u20ac.<\/p>\n<p>El mi\u00e9rcoles 23 de diciembre a las 21:00h. nos espera una noche muy divertida en la sala Galileo Galilei (Calle de Galileo, 100). \u00a1Venid a celebrarla con nosotros!<\/p>\n<\/div>\n<p>[\/fusion_text][\/fusion_builder_column][\/fusion_builder_row][\/fusion_builder_container]<\/p>\n","protected":false},"excerpt":{"rendered":"<p>[fusion_builder_container hundred_percent=\u00bbyes\u00bb overflow=\u00bbvisible\u00bb][fusion_builder_row][fusion_builder_column type=\u00bb1_1&#8243; last=\u00bbyes\u00bb spacing=\u00bbyes\u00bb center_content=\u00bbno\u00bb hide_on_mobile=\u00bbno\u00bb background_color=\u00bb\u00bb background_image=\u00bb\u00bb background_repeat=\u00bbno-repeat\u00bb background_position=\u00bbleft top\u00bb border_position=\u00bball\u00bb border_size=\u00bb0px\u00bb border_color=\u00bb\u00bb border_style=\u00bb\u00bb padding=\u00bb\u00bb margin_top=\u00bb\u00bb margin_bottom=\u00bb\u00bb animation_type=\u00bb\u00bb animation_direction=\u00bb\u00bb animation_speed=\u00bb0.1&#8243; class=\u00bb\u00bb id=\u00bb\u00bb][fusion_text] [\/fusion_text][fusion_title size=\u00bb1&#8243; content_align=\u00bbleft\u00bb style_type=\u00bbdefault\u00bb sep_color=\u00bb\u00bb margin_top=\u00bb\u00bb margin_bottom=\u00bb\u00bb class=\u00bb\u00bb id=\u00bb\u00bb]Fiesta de apoyo a la Cabalgata Participativa de Hortaleza[\/fusion_title][fusion_text] Entramos en la recta final antes de la gran Cabalgata Participativa de Hortaleza, [&hellip;]<\/p>\n","protected":false},"author":2,"featured_media":1251,"comment_status":"open","ping_status":"open","sticky":false,"template":"","format":"standard","meta":{"_et_pb_use_builder":"","_et_pb_old_content":"","_et_gb_content_width":"","footnotes":""},"categories":[4],"tags":[],"class_list":["post-1217","post","type-post","status-publish","format-standard","has-post-thumbnail","hentry","category-eventos"],"_links":{"self":[{"href":"https:\/\/www.cabalgatadehortaleza.org\/index.php?rest_route=\/wp\/v2\/posts\/1217","targetHints":{"allow":["GET"]}}],"collection":[{"href":"https:\/\/www.cabalgatadehortaleza.org\/index.php?rest_route=\/wp\/v2\/posts"}],"about":[{"href":"https:\/\/www.cabalgatadehortaleza.org\/index.php?rest_route=\/wp\/v2\/types\/post"}],"author":[{"embeddable":true,"href":"https:\/\/www.cabalgatadehortaleza.org\/index.php?rest_route=\/wp\/v2\/users\/2"}],"replies":[{"embeddable":true,"href":"https:\/\/www.cabalgatadehortaleza.org\/index.php?rest_route=%2Fwp%2Fv2%2Fcomments&post=1217"}],"version-history":[{"count":0,"href":"https:\/\/www.cabalgatadehortaleza.org\/index.php?rest_route=\/wp\/v2\/posts\/1217\/revisions"}],"wp:featuredmedia":[{"embeddable":true,"href":"https:\/\/www.cabalgatadehortaleza.org\/index.php?rest_route=\/wp\/v2\/media\/1251"}],"wp:attachment":[{"href":"https:\/\/www.cabalgatadehortaleza.org\/index.php?rest_route=%2Fwp%2Fv2%2Fmedia&parent=1217"}],"wp:term":[{"taxonomy":"category","embeddable":true,"href":"https:\/\/www.cabalgatadehortaleza.org\/index.php?rest_route=%2Fwp%2Fv2%2Fcategories&post=1217"},{"taxonomy":"post_tag","embeddable":true,"href":"https:\/\/www.cabalgatadehortaleza.org\/index.php?rest_route=%2Fwp%2Fv2%2Ftags&post=1217"}],"curies":[{"name":"wp","href":"https:\/\/api.w.org\/{rel}","templated":true}]}}