{"id":1305,"date":"2015-12-21T13:44:08","date_gmt":"2015-12-21T13:44:08","guid":{"rendered":"https:\/\/www.cabalgatadehortaleza.org\/?p=1305"},"modified":"2015-12-21T13:44:08","modified_gmt":"2015-12-21T13:44:08","slug":"teatro-infantil","status":"publish","type":"post","link":"https:\/\/www.cabalgatadehortaleza.org\/?p=1305","title":{"rendered":"Teatro infantil"},"content":{"rendered":"<p>[fusion_builder_container hundred_percent=\u00bbyes\u00bb overflow=\u00bbvisible\u00bb][fusion_builder_row][fusion_builder_column type=\u00bb2_3&#8243; last=\u00bbno\u00bb spacing=\u00bbyes\u00bb center_content=\u00bbno\u00bb hide_on_mobile=\u00bbno\u00bb background_color=\u00bb\u00bb background_image=\u00bb\u00bb background_repeat=\u00bbno-repeat\u00bb background_position=\u00bbleft top\u00bb border_position=\u00bball\u00bb border_size=\u00bb0px\u00bb border_color=\u00bb\u00bb border_style=\u00bb\u00bb padding=\u00bb\u00bb margin_top=\u00bb\u00bb margin_bottom=\u00bb\u00bb animation_type=\u00bb\u00bb animation_direction=\u00bb\u00bb animation_speed=\u00bb0.1&#8243; class=\u00bb\u00bb id=\u00bb\u00bb][fusion_text]<\/p>\n<div style=\"text-align: justify; text-justify: distribute-all-lines;\">\n<p>Un a\u00f1o m\u00e1s el teatro infantil organizado por la Cabalgata Participativa de Hortaleza ha sido un \u00e9xito.<\/p>\n<p>Este fin de semana el centro cultural Carril del Conde se ha llenado de familias dispuestas a pasar un buen rato y gracias al incre\u00edble trabajo de Impro Impar lo han conseguido. Han sido dos actuaciones llenas de humor en las que los ni\u00f1os han sido los protagonistas, ya que han sido ellos los que, haciendo uso de su imaginaci\u00f3n, han decidido cu\u00e1l iba a ser la historia y los personajes: Un cuento improvisado que han construido todos juntos.<\/p>\n<p>Colocamos unas huchas para que los asistentes hicieran una aportaci\u00f3n libre a la Cabalgata y tenemos que agradecer c\u00f3mo se volcaron con nosotros. Estamos muy satisfechos con la recaudaci\u00f3n que conseguimos.<\/p>\n<p>Recordamos que la compa\u00f1\u00eda de teatro Impro Impar ha colaborado con nosotros de forma totalmente altruista, cedi\u00e9ndonos todo lo obtenido por estas dos actuaciones para ayudarnos a que la Cabalgata Participativa de Hortaleza sea posible.<\/p>\n<\/div>\n<p>[\/fusion_text][\/fusion_builder_column][fusion_builder_column type=\u00bb1_3&#8243; last=\u00bbyes\u00bb spacing=\u00bbyes\u00bb center_content=\u00bbno\u00bb hide_on_mobile=\u00bbno\u00bb background_color=\u00bb\u00bb background_image=\u00bb\u00bb background_repeat=\u00bbno-repeat\u00bb background_position=\u00bbleft top\u00bb border_position=\u00bball\u00bb border_size=\u00bb0px\u00bb border_color=\u00bb\u00bb border_style=\u00bb\u00bb padding=\u00bb\u00bb margin_top=\u00bb\u00bb margin_bottom=\u00bb\u00bb animation_type=\u00bb\u00bb animation_direction=\u00bb\u00bb animation_speed=\u00bb0.1&#8243; class=\u00bb\u00bb id=\u00bb\u00bb][fusion_imageframe lightbox=\u00bbno\u00bb lightbox_image=\u00bb\u00bb style_type=\u00bbnone\u00bb hover_type=\u00bbnone\u00bb bordercolor=\u00bb\u00bb bordersize=\u00bb0px\u00bb borderradius=\u00bb0&#8243; stylecolor=\u00bb\u00bb align=\u00bbnone\u00bb link=\u00bb\u00bb linktarget=\u00bb_self\u00bb animation_type=\u00bb0&#8243; animation_direction=\u00bbdown\u00bb animation_speed=\u00bb0.1&#8243; hide_on_mobile=\u00bbno\u00bb class=\u00bb\u00bb id=\u00bb\u00bb] <img decoding=\"async\" alt=\"\" src=\"https:\/\/www.cabalgatadehortaleza.org\/wp-content\/uploads\/2015\/12\/impro2-257x300.jpg\" \/>[\/fusion_imageframe][\/fusion_builder_column][fusion_builder_column type=\u00bb1_1&#8243; background_position=\u00bbleft top\u00bb background_color=\u00bb\u00bb border_size=\u00bb\u00bb border_color=\u00bb\u00bb border_style=\u00bbsolid\u00bb spacing=\u00bbyes\u00bb background_image=\u00bb\u00bb background_repeat=\u00bbno-repeat\u00bb padding=\u00bb\u00bb margin_top=\u00bb0px\u00bb margin_bottom=\u00bb0px\u00bb class=\u00bb\u00bb id=\u00bb\u00bb animation_type=\u00bb\u00bb animation_speed=\u00bb0.3&#8243; animation_direction=\u00bbleft\u00bb hide_on_mobile=\u00bbno\u00bb center_content=\u00bbno\u00bb min_height=\u00bbnone\u00bb][fusion_text]Y aprovechamos tambi\u00e9n para dar las gracias a la Junta, que nos ha cedido el espacio los dos d\u00edas sin coste alguno.[\/fusion_text][fusion_imageframe lightbox=\u00bbno\u00bb lightbox_image=\u00bb\u00bb style_type=\u00bbnone\u00bb hover_type=\u00bbnone\u00bb bordercolor=\u00bb\u00bb bordersize=\u00bb0px\u00bb borderradius=\u00bb0&#8243; stylecolor=\u00bb\u00bb align=\u00bbnone\u00bb link=\u00bb\u00bb linktarget=\u00bb_self\u00bb animation_type=\u00bb0&#8243; animation_direction=\u00bbdown\u00bb animation_speed=\u00bb0.1&#8243; hide_on_mobile=\u00bbno\u00bb class=\u00bb\u00bb id=\u00bb\u00bb] <img decoding=\"async\" alt=\"\" src=\"https:\/\/www.cabalgatadehortaleza.org\/wp-content\/uploads\/2015\/12\/dibujos.jpg\" \/>[\/fusion_imageframe][fusion_text]<\/p>\n<div style=\"text-align: justify; text-justify: distribute-all-lines;\">\n<p>&nbsp;<\/p>\n<p>En el centro cultural Carril del Conde, han estado expuestos tambi\u00e9n durante el fin de semana los dibujos de todos los ni\u00f1os que han participado en el V Concurso de Carteles de la Cabalgata Participativa de Hortaleza.<\/p>\n<\/div>\n<p>[\/fusion_text][\/fusion_builder_column][fusion_builder_column type=\u00bb1_2&#8243; last=\u00bbno\u00bb spacing=\u00bbyes\u00bb center_content=\u00bbno\u00bb hide_on_mobile=\u00bbno\u00bb background_color=\u00bb\u00bb background_image=\u00bb\u00bb background_repeat=\u00bbno-repeat\u00bb background_position=\u00bbleft top\u00bb border_position=\u00bball\u00bb border_size=\u00bb0px\u00bb border_color=\u00bb\u00bb border_style=\u00bb\u00bb padding=\u00bb\u00bb margin_top=\u00bb\u00bb margin_bottom=\u00bb\u00bb animation_type=\u00bb\u00bb animation_direction=\u00bb\u00bb animation_speed=\u00bb0.1&#8243; class=\u00bb\u00bb id=\u00bb\u00bb][fusion_text]<a href=\"https:\/\/www.cabalgatadehortaleza.org\/wp-content\/uploads\/2015\/12\/PrimerPremio.gif\"><img loading=\"lazy\" decoding=\"async\" class=\"alignnone size-medium wp-image-1297\" src=\"https:\/\/www.cabalgatadehortaleza.org\/wp-content\/uploads\/2015\/12\/PrimerPremio-300x212.gif\" alt=\"\" width=\"300\" height=\"212\" srcset=\"https:\/\/www.cabalgatadehortaleza.org\/wp-content\/uploads\/2015\/12\/PrimerPremio-300x212.gif 300w, https:\/\/www.cabalgatadehortaleza.org\/wp-content\/uploads\/2015\/12\/PrimerPremio-768x543.gif 768w\" sizes=\"(max-width: 300px) 100vw, 300px\" \/><\/a>[\/fusion_text][\/fusion_builder_column][fusion_builder_column type=\u00bb1_2&#8243; last=\u00bbyes\u00bb spacing=\u00bbyes\u00bb center_content=\u00bbno\u00bb hide_on_mobile=\u00bbno\u00bb background_color=\u00bb\u00bb background_image=\u00bb\u00bb background_repeat=\u00bbno-repeat\u00bb background_position=\u00bbleft top\u00bb border_position=\u00bball\u00bb border_size=\u00bb0px\u00bb border_color=\u00bb\u00bb border_style=\u00bb\u00bb padding=\u00bb\u00bb margin_top=\u00bb\u00bb margin_bottom=\u00bb\u00bb animation_type=\u00bb\u00bb animation_direction=\u00bb\u00bb animation_speed=\u00bb0.1&#8243; class=\u00bb\u00bb id=\u00bb\u00bb][fusion_text]<\/p>\n<p>&nbsp;<\/p>\n<p><span style=\"text-decoration: underline;\">Ganadora: <strong>Sara S\u00e1nchez Solaz<\/strong> (Parroquia Cristo Salvador<\/span>)[\/fusion_text][\/fusion_builder_column][fusion_builder_column type=\u00bb1_2&#8243; last=\u00bbno\u00bb spacing=\u00bbyes\u00bb center_content=\u00bbno\u00bb hide_on_mobile=\u00bbno\u00bb background_color=\u00bb\u00bb background_image=\u00bb\u00bb background_repeat=\u00bbno-repeat\u00bb background_position=\u00bbleft top\u00bb border_position=\u00bball\u00bb border_size=\u00bb0px\u00bb border_color=\u00bb\u00bb border_style=\u00bb\u00bb padding=\u00bb\u00bb margin_top=\u00bb\u00bb margin_bottom=\u00bb\u00bb animation_type=\u00bb\u00bb animation_direction=\u00bb\u00bb animation_speed=\u00bb0.1&#8243; class=\u00bb\u00bb id=\u00bb\u00bb][fusion_text]<a href=\"https:\/\/www.cabalgatadehortaleza.org\/wp-content\/uploads\/2015\/12\/SegundoPremio.gif\"><img loading=\"lazy\" decoding=\"async\" class=\"alignnone size-medium wp-image-1298\" src=\"https:\/\/www.cabalgatadehortaleza.org\/wp-content\/uploads\/2015\/12\/SegundoPremio-212x300.gif\" alt=\"\" width=\"212\" height=\"300\" \/><\/a>[\/fusion_text][\/fusion_builder_column][fusion_builder_column type=\u00bb1_2&#8243; last=\u00bbyes\u00bb spacing=\u00bbyes\u00bb center_content=\u00bbno\u00bb hide_on_mobile=\u00bbno\u00bb background_color=\u00bb\u00bb background_image=\u00bb\u00bb background_repeat=\u00bbno-repeat\u00bb background_position=\u00bbleft top\u00bb border_position=\u00bball\u00bb border_size=\u00bb0px\u00bb border_color=\u00bb\u00bb border_style=\u00bb\u00bb padding=\u00bb\u00bb margin_top=\u00bb\u00bb margin_bottom=\u00bb\u00bb animation_type=\u00bb\u00bb animation_direction=\u00bb\u00bb animation_speed=\u00bb0.1&#8243; class=\u00bb\u00bb id=\u00bb\u00bb][fusion_text]<\/p>\n<p>&nbsp;<\/p>\n<p><span style=\"text-decoration: underline;\">2\u00aa Finalista: <strong>Nerea Terradillos<\/strong> (C.E.I.P. Juan Zarag\u00fceta)<\/span>[\/fusion_text][\/fusion_builder_column][fusion_builder_column type=\u00bb1_2&#8243; last=\u00bbno\u00bb spacing=\u00bbyes\u00bb center_content=\u00bbno\u00bb hide_on_mobile=\u00bbno\u00bb background_color=\u00bb\u00bb background_image=\u00bb\u00bb background_repeat=\u00bbno-repeat\u00bb background_position=\u00bbleft top\u00bb border_position=\u00bball\u00bb border_size=\u00bb0px\u00bb border_color=\u00bb\u00bb border_style=\u00bb\u00bb padding=\u00bb\u00bb margin_top=\u00bb\u00bb margin_bottom=\u00bb\u00bb animation_type=\u00bb\u00bb animation_direction=\u00bb\u00bb animation_speed=\u00bb0.1&#8243; class=\u00bb\u00bb id=\u00bb\u00bb][fusion_text]<a href=\"https:\/\/www.cabalgatadehortaleza.org\/wp-content\/uploads\/2015\/12\/TercerPremio.gif\"><img loading=\"lazy\" decoding=\"async\" class=\"alignnone size-medium wp-image-1299\" src=\"https:\/\/www.cabalgatadehortaleza.org\/wp-content\/uploads\/2015\/12\/TercerPremio-300x212.gif\" alt=\"\" width=\"300\" height=\"212\" srcset=\"https:\/\/www.cabalgatadehortaleza.org\/wp-content\/uploads\/2015\/12\/TercerPremio-300x212.gif 300w, https:\/\/www.cabalgatadehortaleza.org\/wp-content\/uploads\/2015\/12\/TercerPremio-768x543.gif 768w\" sizes=\"(max-width: 300px) 100vw, 300px\" \/><\/a>[\/fusion_text][\/fusion_builder_column][fusion_builder_column type=\u00bb1_2&#8243; last=\u00bbyes\u00bb spacing=\u00bbyes\u00bb center_content=\u00bbno\u00bb hide_on_mobile=\u00bbno\u00bb background_color=\u00bb\u00bb background_image=\u00bb\u00bb background_repeat=\u00bbno-repeat\u00bb background_position=\u00bbleft top\u00bb border_position=\u00bball\u00bb border_size=\u00bb0px\u00bb border_color=\u00bb\u00bb border_style=\u00bb\u00bb padding=\u00bb\u00bb margin_top=\u00bb\u00bb margin_bottom=\u00bb\u00bb animation_type=\u00bb\u00bb animation_direction=\u00bb\u00bb animation_speed=\u00bb0.1&#8243; class=\u00bb\u00bb id=\u00bb\u00bb][fusion_text]<\/p>\n<p>&nbsp;<\/p>\n<p><span style=\"text-decoration: underline;\">3\u00aa Finalista: <strong>: Esther Fern\u00e1ndez <\/strong> (J\u00f3venes del Parque)<\/span>[\/fusion_text][\/fusion_builder_column][fusion_builder_column type=\u00bb1_1&#8243; background_position=\u00bbleft top\u00bb background_color=\u00bb\u00bb border_size=\u00bb\u00bb border_color=\u00bb\u00bb border_style=\u00bbsolid\u00bb spacing=\u00bbyes\u00bb background_image=\u00bb\u00bb background_repeat=\u00bbno-repeat\u00bb padding=\u00bb\u00bb margin_top=\u00bb0px\u00bb margin_bottom=\u00bb0px\u00bb class=\u00bb\u00bb id=\u00bb\u00bb animation_type=\u00bb\u00bb animation_speed=\u00bb0.3&#8243; animation_direction=\u00bbleft\u00bb hide_on_mobile=\u00bbno\u00bb center_content=\u00bbno\u00bb min_height=\u00bbnone\u00bb][fusion_text]<\/p>\n<div style=\"text-align: justify; text-justify: distribute-all-lines;\">\n<p>Sara ha recibido un premio doble: su dibujo se utilizar\u00e1 como cartel anunciador de la celebraci\u00f3n de la Cabalgata y adem\u00e1s ha recibido un cheque de 60\u20ac para gastar en cualquiera de las tiendas amigas del barrio.<\/p>\n<p>\u00a1Enhorabuena chicas!<\/p>\n<\/div>\n<p>[\/fusion_text][\/fusion_builder_column][\/fusion_builder_row][\/fusion_builder_container]<\/p>\n","protected":false},"excerpt":{"rendered":"<p>[fusion_builder_container hundred_percent=\u00bbyes\u00bb overflow=\u00bbvisible\u00bb][fusion_builder_row][fusion_builder_column type=\u00bb2_3&#8243; last=\u00bbno\u00bb spacing=\u00bbyes\u00bb center_content=\u00bbno\u00bb hide_on_mobile=\u00bbno\u00bb background_color=\u00bb\u00bb background_image=\u00bb\u00bb background_repeat=\u00bbno-repeat\u00bb background_position=\u00bbleft top\u00bb border_position=\u00bball\u00bb border_size=\u00bb0px\u00bb border_color=\u00bb\u00bb border_style=\u00bb\u00bb padding=\u00bb\u00bb margin_top=\u00bb\u00bb margin_bottom=\u00bb\u00bb animation_type=\u00bb\u00bb animation_direction=\u00bb\u00bb animation_speed=\u00bb0.1&#8243; class=\u00bb\u00bb id=\u00bb\u00bb][fusion_text] Un a\u00f1o m\u00e1s el teatro infantil organizado por la Cabalgata Participativa de Hortaleza ha sido un \u00e9xito. Este fin de semana el centro cultural Carril del Conde se ha llenado [&hellip;]<\/p>\n","protected":false},"author":2,"featured_media":1293,"comment_status":"open","ping_status":"open","sticky":false,"template":"","format":"standard","meta":{"_et_pb_use_builder":"","_et_pb_old_content":"","_et_gb_content_width":"","footnotes":""},"categories":[9],"tags":[],"class_list":["post-1305","post","type-post","status-publish","format-standard","has-post-thumbnail","hentry","category-noticias"],"_links":{"self":[{"href":"https:\/\/www.cabalgatadehortaleza.org\/index.php?rest_route=\/wp\/v2\/posts\/1305","targetHints":{"allow":["GET"]}}],"collection":[{"href":"https:\/\/www.cabalgatadehortaleza.org\/index.php?rest_route=\/wp\/v2\/posts"}],"about":[{"href":"https:\/\/www.cabalgatadehortaleza.org\/index.php?rest_route=\/wp\/v2\/types\/post"}],"author":[{"embeddable":true,"href":"https:\/\/www.cabalgatadehortaleza.org\/index.php?rest_route=\/wp\/v2\/users\/2"}],"replies":[{"embeddable":true,"href":"https:\/\/www.cabalgatadehortaleza.org\/index.php?rest_route=%2Fwp%2Fv2%2Fcomments&post=1305"}],"version-history":[{"count":0,"href":"https:\/\/www.cabalgatadehortaleza.org\/index.php?rest_route=\/wp\/v2\/posts\/1305\/revisions"}],"wp:featuredmedia":[{"embeddable":true,"href":"https:\/\/www.cabalgatadehortaleza.org\/index.php?rest_route=\/wp\/v2\/media\/1293"}],"wp:attachment":[{"href":"https:\/\/www.cabalgatadehortaleza.org\/index.php?rest_route=%2Fwp%2Fv2%2Fmedia&parent=1305"}],"wp:term":[{"taxonomy":"category","embeddable":true,"href":"https:\/\/www.cabalgatadehortaleza.org\/index.php?rest_route=%2Fwp%2Fv2%2Fcategories&post=1305"},{"taxonomy":"post_tag","embeddable":true,"href":"https:\/\/www.cabalgatadehortaleza.org\/index.php?rest_route=%2Fwp%2Fv2%2Ftags&post=1305"}],"curies":[{"name":"wp","href":"https:\/\/api.w.org\/{rel}","templated":true}]}}