{"id":1428,"date":"2016-01-04T20:32:08","date_gmt":"2016-01-04T20:32:08","guid":{"rendered":"https:\/\/www.cabalgatadehortaleza.org\/?p=1428"},"modified":"2016-01-04T20:32:08","modified_gmt":"2016-01-04T20:32:08","slug":"otro-ano-mas","status":"publish","type":"post","link":"https:\/\/www.cabalgatadehortaleza.org\/?p=1428","title":{"rendered":"Otro a\u00f1o m\u00e1s"},"content":{"rendered":"<p style=\"text-align: center;\"><img loading=\"lazy\" decoding=\"async\" class=\"alignnone size-full wp-image-1429\" src=\"https:\/\/www.cabalgatadehortaleza.org\/wp-content\/uploads\/2016\/01\/picasso.jpg\" alt=\"\" width=\"600\" height=\"360\" srcset=\"https:\/\/www.cabalgatadehortaleza.org\/wp-content\/uploads\/2016\/01\/picasso.jpg 600w, https:\/\/www.cabalgatadehortaleza.org\/wp-content\/uploads\/2016\/01\/picasso-300x180.jpg 300w\" sizes=\"(max-width: 600px) 100vw, 600px\" \/><\/p>\n<div style=\"text-align: justify; text-justify: distribute-all-lines;\">\n<p>Ma\u00f1ana d\u00eda 5 de enero volver\u00e1 a recorrer las calles de nuestro barrio la cabalgata participativa de Hortaleza, la de toda la vida. Fue en el a\u00f1o 2007 cuando la junta municipal de entonces decidi\u00f3 privatizar una fiesta que lo hasta ese momento hab\u00eda sido participada por vecinos y asociaciones. Sin embargo, con la rebeld\u00eda propia de quien no acepta las situaciones absurdas e injustas, decidimos no resignarnos y pelear por lo que hab\u00edas sido siempre una fiesta colectiva y de todas y todos. Esta acci\u00f3n se enmarcaba dentro de otras de muchos ciudadanos convencidos de que eran tiempos de pelear lo que era de todas y todos, convencidos de la necesidad de defender lo p\u00fablico, ya fuese en la Sanidad, la Educaci\u00f3n o, en este caso, el modo de organizar los barrios y ciudades. Y en esa tarea seguimos, convencidos de que el esfuerzo colectivo, el trabajo en com\u00fan, desde la diversidad de las entidades pero con una consonancia en los objetivos y en la defensa de unos valores, la igualdad, la participaci\u00f3n y el respeto por los derechos humanos, hace mejores nuestras ciudades y nuestros barrios, nuestra sociedad en definitiva.En este a\u00f1o 2016 vamos a sacar a la calle m\u00e1s carrozas que nunca, el n\u00famero de participantes se multiplica en cada edici\u00f3n. Somos AMPAS, asociaciones de vecinos, asociaciones culturales, entidades que trabajamos con la infancia, con la juventud, colectivos que trabajan desde hace mucho tiempo por la dignidad de las personas, de todas las personas, por la igualdad en el barrio, por favorecer la interculturalidad, gente que en definitiva sabemos lo que es trabajar en las calles por hacer una ciudad m\u00e1s amable, m\u00e1s de la gente y menos de las marcas, m\u00e1s de las personas y menos de los beneficios. Y esa es nuestra raz\u00f3n de ser, no somos una cabalgata, de esas hay muchas. La Cabalgata es solo el espacio donde nos encontramos, como hacemos en otros, y un altavoz de lo que queremos proponer a nuestro barrio. Necesitamos que la ciudadan\u00eda se empodere de las calles y las plazas, de sus fiestas pero tambi\u00e9n de sus presupuestos, de las decisiones que afectan a sus vidas. Eso es lo que pedimos, lo que queremos.<\/p>\n<p>No podemos olvidarnos, hablando de los Magos de Oriente, de tantos y tantos que viniendo de Oriente se estrellan en los muros ciegos de Europa esperando una oportunidad. Nuestros Reyes vienen en patera, huyen de la guerra en Siria, nuestros Reyes buscan refugio en Europa y nosotros se lo queremos dar. Queremos ciudades abiertas, acogedoras y sensibles al sufrimiento de los que nos necesitan.<\/p>\n<p>Recordando a nuestro a\u00f1orado pero presente Borja, que tanto pele\u00f3 este proyecto, la cabalgata de Hortaleza, la de Toda la vida, volver\u00e1 a las calles el d\u00eda 5 y con ella la ilusi\u00f3n de seguir construyendo un mundo m\u00e1s justo, una ciudad m\u00e1s vivible, un barrio para la gente. Os invitamos a todas y todos a vivir esta fiesta tan especial, donde ni\u00f1as y ni\u00f1os son los protagonistas y a la que todos estamos convocados un a\u00f1o m\u00e1s.<\/p>\n<p>Cabalgata de Hortaleza.<\/p>\n<\/div>\n","protected":false},"excerpt":{"rendered":"<p>Ma\u00f1ana d\u00eda 5 de enero volver\u00e1 a recorrer las calles de nuestro barrio la cabalgata participativa de Hortaleza, la de toda la vida. Fue en el a\u00f1o 2007 cuando la junta municipal de entonces decidi\u00f3 privatizar una fiesta que lo hasta ese momento hab\u00eda sido participada por vecinos y asociaciones. Sin embargo, con la rebeld\u00eda [&hellip;]<\/p>\n","protected":false},"author":2,"featured_media":1429,"comment_status":"open","ping_status":"open","sticky":false,"template":"","format":"standard","meta":{"_et_pb_use_builder":"","_et_pb_old_content":"","_et_gb_content_width":"","footnotes":""},"categories":[9],"tags":[],"class_list":["post-1428","post","type-post","status-publish","format-standard","has-post-thumbnail","hentry","category-noticias"],"_links":{"self":[{"href":"https:\/\/www.cabalgatadehortaleza.org\/index.php?rest_route=\/wp\/v2\/posts\/1428","targetHints":{"allow":["GET"]}}],"collection":[{"href":"https:\/\/www.cabalgatadehortaleza.org\/index.php?rest_route=\/wp\/v2\/posts"}],"about":[{"href":"https:\/\/www.cabalgatadehortaleza.org\/index.php?rest_route=\/wp\/v2\/types\/post"}],"author":[{"embeddable":true,"href":"https:\/\/www.cabalgatadehortaleza.org\/index.php?rest_route=\/wp\/v2\/users\/2"}],"replies":[{"embeddable":true,"href":"https:\/\/www.cabalgatadehortaleza.org\/index.php?rest_route=%2Fwp%2Fv2%2Fcomments&post=1428"}],"version-history":[{"count":0,"href":"https:\/\/www.cabalgatadehortaleza.org\/index.php?rest_route=\/wp\/v2\/posts\/1428\/revisions"}],"wp:featuredmedia":[{"embeddable":true,"href":"https:\/\/www.cabalgatadehortaleza.org\/index.php?rest_route=\/wp\/v2\/media\/1429"}],"wp:attachment":[{"href":"https:\/\/www.cabalgatadehortaleza.org\/index.php?rest_route=%2Fwp%2Fv2%2Fmedia&parent=1428"}],"wp:term":[{"taxonomy":"category","embeddable":true,"href":"https:\/\/www.cabalgatadehortaleza.org\/index.php?rest_route=%2Fwp%2Fv2%2Fcategories&post=1428"},{"taxonomy":"post_tag","embeddable":true,"href":"https:\/\/www.cabalgatadehortaleza.org\/index.php?rest_route=%2Fwp%2Fv2%2Ftags&post=1428"}],"curies":[{"name":"wp","href":"https:\/\/api.w.org\/{rel}","templated":true}]}}