{"id":1845,"date":"2016-12-07T11:16:03","date_gmt":"2016-12-07T11:16:03","guid":{"rendered":"https:\/\/www.cabalgatadehortaleza.org\/?p=1845"},"modified":"2016-12-07T11:16:03","modified_gmt":"2016-12-07T11:16:03","slug":"y-volvemos-otra-vez","status":"publish","type":"post","link":"https:\/\/www.cabalgatadehortaleza.org\/?p=1845","title":{"rendered":"\u2026 Y volvemos otra vez"},"content":{"rendered":"<div style=\"text-align: center;\"><a href=\"https:\/\/www.cabalgatadehortaleza.org\/wp-content\/uploads\/2016\/12\/noticia-e1481109996266.jpg\"><img loading=\"lazy\" decoding=\"async\" class=\"alignnone size-full wp-image-1846\" src=\"https:\/\/www.cabalgatadehortaleza.org\/wp-content\/uploads\/2016\/12\/noticia-e1481109996266.jpg\" alt=\"\" width=\"400\" height=\"250\" srcset=\"https:\/\/www.cabalgatadehortaleza.org\/wp-content\/uploads\/2016\/12\/noticia-e1481109996266.jpg 400w, https:\/\/www.cabalgatadehortaleza.org\/wp-content\/uploads\/2016\/12\/noticia-e1481109996266-300x188.jpg 300w\" sizes=\"(max-width: 400px) 100vw, 400px\" \/><\/a><\/div>\n<p><\/br><\/br><\/p>\n<div style=\"text-align: justify; text-justify: distribute-all-lines;\">Pues as\u00ed es, aqu\u00ed estamos de nuevo, la Cabalgata de Hortaleza, la de toda la vida, esa que preparan asociaciones y entidades del barrio, vecinas y vecinos y que vuelve otra vez para recordarnos que las luchas colectivas siempre merecen la pena. De nuevo el 5 de enero las calles de nuestro distrito, una parte de \u00e9l al menos pues el nuestro es uno de los m\u00e1s extensos de Madrid, volver\u00e1n a ver desfilar carrozas, pasacalles y m\u00fasica demostrando que tanto la organizaci\u00f3n vecinal como la imaginaci\u00f3n y la creatividad son capaces, con pocos recursos, de ofrecer un espect\u00e1culo brillante y lleno de ilusi\u00f3n y magia. La cultura popular, la creatividad de la gente que milita en los espacios asociativos, las ganas de ni\u00f1os y ni\u00f1as, de familias enteras que se implican en la organizaci\u00f3n del evento cuando todav\u00eda los fr\u00edos d\u00edas del invierno quedan lejos en el calendario, nos demuestran la capacidad que tienen los ciudadanos para empoderarse de aquello que les pertenece, sus calles, sus fiestas, en definitiva, el disfrute de la vida y la implicaci\u00f3n en la construcci\u00f3n de ciudades m\u00e1s amables, m\u00e1s vivibles para todas y todos.<br \/>\n<\/br><br \/>\nNo queremos ser solo una cabalgata. Eso es \u201cf\u00e1cil\u201d de hacer. Cuando en el a\u00f1o 2007 la entonces concejala de Hortaleza, Elena S\u00e1nchez Gallar decidi\u00f3 privatizar la cabalgata apelando a la falta de excelencia de la de siempre, nos ense\u00f1\u00f3 que pod\u00eda organizar otra cabalgata, mejor seg\u00fan ella y quienes la apoyaron. Tan buena que solo ten\u00eda dinero, tampoco mucho. Cuando con la crisis ese dinero se acab\u00f3, se acab\u00f3 tambi\u00e9n \u201csu\u201d cabalgata. Pero los vecinos y vecinas de Hortaleza no nos resignamos, nos manifestamos, montamos carrozas debajo de puentes y en condiciones muy precarias, pero desde el a\u00f1o siguiente salimos a las calles a demostrar que la fuerza de los barrios son sus gentes. Y as\u00ed lo hicimos hasta recuperar lo que nos robaron. Hoy la Cabalgata vuelve a ser de todos los que desean colaborar y participar en esta fiesta que, sin duda, es el acto que m\u00e1s gente congrega en las calles de nuestro barrio.<br \/>\n<\/br><br \/>\nNuestra intenci\u00f3n ha sido hacer algo m\u00e1s que una cabalgata, de ah\u00ed el concurso de carteles para ni\u00f1os y ni\u00f1as del que sale el que anunciar\u00e1 la cabalgata, los cert\u00e1menes musicales, la programaci\u00f3n de teatro infantil, este a\u00f1o los d\u00edas 11 y 18 de diciembre, o la fiesta infantil del Parque Clara Eugenia de la ma\u00f1ana del domingo 18. Pretendemos ser parte activa de la vida social y cultural del distrito. Y ese objetivo es el que nos anima a seguir creciendo en el futuro. Ojal\u00e1 en a\u00f1os venideros no paremos de mejorar y llegar a m\u00e1s y m\u00e1s ciudadanos. Sin duda habr\u00e1 que plantear en el futuro aumentar el recorrido, incluso multiplicar las actividades culturales que ayudan a sostener el proyecto. Sin embargo, despu\u00e9s de 8 a\u00f1os de historia ni queremos ni debemos olvidar que el reto fundamental, el que sigue alentando nuestro esfuerzo y la ilusi\u00f3n que todos ponemos es que la cabalgata sigue siendo de quien siempre fue, de las vecinas y vecinos de Hortaleza.<br \/>\n<\/br><br \/>\nDesde la plataforma de entidades que organizan la cabalgata del barrio queremos animaros a participar en todos los eventos que se relacionan con la misma. As\u00ed mismo deseamos que la tarde del d\u00eda 5 vuelva a ser una fiesta para todos, pero en especial para los ni\u00f1os y ni\u00f1as de Hortaleza y de todos los barrios que deseen acercarse a nuestra cabalgata, sin duda una de las m\u00e1s hermosas de la ciudad. No tendr\u00e1 las luces ni los medios de la del centro pero, sin duda, a ilusi\u00f3n, ganas y trabajo compartido nadie nos gana.<\/div>\n","protected":false},"excerpt":{"rendered":"<p>Pues as\u00ed es, aqu\u00ed estamos de nuevo, la Cabalgata de Hortaleza, la de toda la vida, esa que preparan asociaciones y entidades del barrio, vecinas y vecinos y que vuelve otra vez para recordarnos que las luchas colectivas siempre merecen la pena. De nuevo el 5 de enero las calles de nuestro distrito, una parte [&hellip;]<\/p>\n","protected":false},"author":2,"featured_media":1846,"comment_status":"open","ping_status":"open","sticky":false,"template":"","format":"standard","meta":{"_et_pb_use_builder":"","_et_pb_old_content":"","_et_gb_content_width":"","footnotes":""},"categories":[9],"tags":[],"class_list":["post-1845","post","type-post","status-publish","format-standard","has-post-thumbnail","hentry","category-noticias"],"_links":{"self":[{"href":"https:\/\/www.cabalgatadehortaleza.org\/index.php?rest_route=\/wp\/v2\/posts\/1845","targetHints":{"allow":["GET"]}}],"collection":[{"href":"https:\/\/www.cabalgatadehortaleza.org\/index.php?rest_route=\/wp\/v2\/posts"}],"about":[{"href":"https:\/\/www.cabalgatadehortaleza.org\/index.php?rest_route=\/wp\/v2\/types\/post"}],"author":[{"embeddable":true,"href":"https:\/\/www.cabalgatadehortaleza.org\/index.php?rest_route=\/wp\/v2\/users\/2"}],"replies":[{"embeddable":true,"href":"https:\/\/www.cabalgatadehortaleza.org\/index.php?rest_route=%2Fwp%2Fv2%2Fcomments&post=1845"}],"version-history":[{"count":0,"href":"https:\/\/www.cabalgatadehortaleza.org\/index.php?rest_route=\/wp\/v2\/posts\/1845\/revisions"}],"wp:featuredmedia":[{"embeddable":true,"href":"https:\/\/www.cabalgatadehortaleza.org\/index.php?rest_route=\/wp\/v2\/media\/1846"}],"wp:attachment":[{"href":"https:\/\/www.cabalgatadehortaleza.org\/index.php?rest_route=%2Fwp%2Fv2%2Fmedia&parent=1845"}],"wp:term":[{"taxonomy":"category","embeddable":true,"href":"https:\/\/www.cabalgatadehortaleza.org\/index.php?rest_route=%2Fwp%2Fv2%2Fcategories&post=1845"},{"taxonomy":"post_tag","embeddable":true,"href":"https:\/\/www.cabalgatadehortaleza.org\/index.php?rest_route=%2Fwp%2Fv2%2Ftags&post=1845"}],"curies":[{"name":"wp","href":"https:\/\/api.w.org\/{rel}","templated":true}]}}