{"id":1940,"date":"2017-01-05T00:01:57","date_gmt":"2017-01-05T00:01:57","guid":{"rendered":"https:\/\/www.cabalgatadehortaleza.org\/?p=1940"},"modified":"2017-01-05T00:01:57","modified_gmt":"2017-01-05T00:01:57","slug":"y-llego-el-dia","status":"publish","type":"post","link":"https:\/\/www.cabalgatadehortaleza.org\/?p=1940","title":{"rendered":"\u2026 Y lleg\u00f3 el d\u00eda."},"content":{"rendered":"<div style=\"text-align: center;\"><a href=\"https:\/\/www.cabalgatadehortaleza.org\/wp-content\/uploads\/2016\/01\/alacran2.jpg\"><img loading=\"lazy\" decoding=\"async\" class=\"alignnone size-medium wp-image-1531\" src=\"https:\/\/www.cabalgatadehortaleza.org\/wp-content\/uploads\/2016\/01\/alacran2-300x200.jpg\" alt=\"\" width=\"300\" height=\"200\" srcset=\"https:\/\/www.cabalgatadehortaleza.org\/wp-content\/uploads\/2016\/01\/alacran2-300x200.jpg 300w, https:\/\/www.cabalgatadehortaleza.org\/wp-content\/uploads\/2016\/01\/alacran2-768x512.jpg 768w, https:\/\/www.cabalgatadehortaleza.org\/wp-content\/uploads\/2016\/01\/alacran2.jpg 933w\" sizes=\"(max-width: 300px) 100vw, 300px\" \/><\/a><\/div>\n<p><\/br><\/br><\/p>\n<div style=\"text-align: justify; text-justify: distribute-all-lines;\">As\u00ed es. Despu\u00e9s de muchas horas de trabajo, de reuniones, de pensar y repensar dise\u00f1os para las carrozas, coreograf\u00edas para los pasacalles, de hacer n\u00fameros para hacer una cabalgata casi autosuficiente en lo econ\u00f3mico, despu\u00e9s de todo eso y mucho m\u00e1s, lleg\u00f3 el 5 de enero, y con \u00e9l, la Cabalgata de Hortaleza.<br \/>\n<\/br>Muy pocos \u00e9ramos capaces de imaginar que la decisi\u00f3n de privatizar la Cabalgata de Reyes, tomada por la entonces concejala Elena S\u00e1nchez Gallar, pod\u00eda hacer tanto por el tejido asociativo de nuestro distrito. Si no hubiese sido por ella y su intenci\u00f3n de hacer una cabalgata de excelencia, nada de esto hubiese sido posible. \u00bfY qu\u00e9 es \u201cesto\u201d\u00b7? Pues la gozada de ver hoy a tanta gente trabajando nada m\u00e1s y nada menos que por la ilusi\u00f3n de todo un barrio, por la alegr\u00eda de ni\u00f1as y ni\u00f1os, por la complicidad de sus madres , padres o abuelos, por la alegr\u00eda de vivir. Y en estos tiempos que corren, tan duros para tantas personas que nos rodean, un poco de alegr\u00eda de vivir no nos viene mal. La alegr\u00eda que da compartir la fiesta en las calles, donde debe ser, la que da sentir que la gente puede ser protagonista de su propia historia y que cuando nos quitan lo que es de todas y todos somos capaces de reaccionar y rebelarnos, de empoderarnos y recuperar lo que es nuestro, lo que nos pertenece. Por eso nuestra cabalgata no es una cabalgata cualquiera. Por eso y porque sigue siendo emocionante ver trabajar, algunos hasta muy entrada la noche del d\u00eda 4, a tantas vecinas y vecinos, altruistamente, sin apoyos de marcas y multinacionales pero con el empuje imparable de querer lo que se hace y creer en lo que se hace, en construir barrio juntos. Esa emoci\u00f3n es la que nos empuja un a\u00f1o m\u00e1s, la que va a tirar de las carrozas y va a arrastrar los pasacalles, la que est\u00e1 detr\u00e1s de cada ni\u00f1a que sonreir\u00e1 ma\u00f1ana al paso de los Magos y de cada ni\u00f1o que so\u00f1ar\u00e1 con una noche diferente y luminosa. Y en esas carrozas, en esos pasacalles va la ilusi\u00f3n de un grupo muy grande de gente, que no deja de trabajar en todo el a\u00f1o, y que se empe\u00f1a en que cada 5 de enero a eso de las 6 de la tarde, Hortaleza luzca diferente, especial, diversa y creativa, emotiva y sugerente.<\/p>\n<p><b>As\u00ed que todas y todos muy atentos y preparados , porque otro a\u00f1o m\u00e1s, con ustedes, la Cabalgata de Hortaleza, la de Toda la vida.<\/b><\/p>\n<\/div>\n","protected":false},"excerpt":{"rendered":"<p>As\u00ed es. Despu\u00e9s de muchas horas de trabajo, de reuniones, de pensar y repensar dise\u00f1os para las carrozas, coreograf\u00edas para los pasacalles, de hacer n\u00fameros para hacer una cabalgata casi autosuficiente en lo econ\u00f3mico, despu\u00e9s de todo eso y mucho m\u00e1s, lleg\u00f3 el 5 de enero, y con \u00e9l, la Cabalgata de Hortaleza. Muy pocos [&hellip;]<\/p>\n","protected":false},"author":2,"featured_media":1531,"comment_status":"open","ping_status":"open","sticky":false,"template":"","format":"standard","meta":{"_et_pb_use_builder":"","_et_pb_old_content":"","_et_gb_content_width":"","footnotes":""},"categories":[9],"tags":[],"class_list":["post-1940","post","type-post","status-publish","format-standard","has-post-thumbnail","hentry","category-noticias"],"_links":{"self":[{"href":"https:\/\/www.cabalgatadehortaleza.org\/index.php?rest_route=\/wp\/v2\/posts\/1940","targetHints":{"allow":["GET"]}}],"collection":[{"href":"https:\/\/www.cabalgatadehortaleza.org\/index.php?rest_route=\/wp\/v2\/posts"}],"about":[{"href":"https:\/\/www.cabalgatadehortaleza.org\/index.php?rest_route=\/wp\/v2\/types\/post"}],"author":[{"embeddable":true,"href":"https:\/\/www.cabalgatadehortaleza.org\/index.php?rest_route=\/wp\/v2\/users\/2"}],"replies":[{"embeddable":true,"href":"https:\/\/www.cabalgatadehortaleza.org\/index.php?rest_route=%2Fwp%2Fv2%2Fcomments&post=1940"}],"version-history":[{"count":0,"href":"https:\/\/www.cabalgatadehortaleza.org\/index.php?rest_route=\/wp\/v2\/posts\/1940\/revisions"}],"wp:featuredmedia":[{"embeddable":true,"href":"https:\/\/www.cabalgatadehortaleza.org\/index.php?rest_route=\/wp\/v2\/media\/1531"}],"wp:attachment":[{"href":"https:\/\/www.cabalgatadehortaleza.org\/index.php?rest_route=%2Fwp%2Fv2%2Fmedia&parent=1940"}],"wp:term":[{"taxonomy":"category","embeddable":true,"href":"https:\/\/www.cabalgatadehortaleza.org\/index.php?rest_route=%2Fwp%2Fv2%2Fcategories&post=1940"},{"taxonomy":"post_tag","embeddable":true,"href":"https:\/\/www.cabalgatadehortaleza.org\/index.php?rest_route=%2Fwp%2Fv2%2Ftags&post=1940"}],"curies":[{"name":"wp","href":"https:\/\/api.w.org\/{rel}","templated":true}]}}