{"id":345,"date":"2015-01-03T20:36:00","date_gmt":"2015-01-03T20:36:00","guid":{"rendered":"https:\/\/www.cabalgatadehortaleza.org\/?p=345"},"modified":"2015-01-03T20:36:00","modified_gmt":"2015-01-03T20:36:00","slug":"hoy-es-un-camion-mana-una-carroza-de-cabalgata-htz","status":"publish","type":"post","link":"https:\/\/www.cabalgatadehortaleza.org\/?p=345","title":{"rendered":"\u00abHoy es un cami\u00f3n, ma\u00f1ana una carroza\u00bb, de @cabalgata HTZ"},"content":{"rendered":"<p>&nbsp;<\/p>\n<p>[fusion_builder_container hundred_percent=\u00bbyes\u00bb overflow=\u00bbvisible\u00bb][fusion_builder_row][fusion_builder_column type=\u00bb1_1&#8243; background_position=\u00bbleft top\u00bb background_color=\u00bb\u00bb border_size=\u00bb\u00bb border_color=\u00bb\u00bb border_style=\u00bbsolid\u00bb spacing=\u00bbyes\u00bb background_image=\u00bb\u00bb background_repeat=\u00bbno-repeat\u00bb padding=\u00bb\u00bb margin_top=\u00bb0px\u00bb margin_bottom=\u00bb0px\u00bb class=\u00bb\u00bb id=\u00bb\u00bb animation_type=\u00bb\u00bb animation_speed=\u00bb0.3&#8243; animation_direction=\u00bbleft\u00bb hide_on_mobile=\u00bbno\u00bb center_content=\u00bbno\u00bb min_height=\u00bbnone\u00bb]<div id=\"attachment_347\" style=\"width: 610px\" class=\"wp-caption alignnone\"><a href=\"https:\/\/www.cabalgatadehortaleza.org\/wp-content\/uploads\/2015\/01\/B6a72aVIYAADVog-1.jpg\"><img loading=\"lazy\" decoding=\"async\" aria-describedby=\"caption-attachment-347\" class=\"size-full wp-image-347\" src=\"https:\/\/www.cabalgatadehortaleza.org\/wp-content\/uploads\/2015\/01\/B6a72aVIYAADVog-1.jpg\" alt=\"Montaje\" width=\"600\" height=\"450\" srcset=\"https:\/\/www.cabalgatadehortaleza.org\/wp-content\/uploads\/2015\/01\/B6a72aVIYAADVog-1.jpg 600w, https:\/\/www.cabalgatadehortaleza.org\/wp-content\/uploads\/2015\/01\/B6a72aVIYAADVog-1-300x225.jpg 300w\" sizes=\"(max-width: 600px) 100vw, 600px\" \/><\/a><p id=\"caption-attachment-347\" class=\"wp-caption-text\">Montaje<\/p><\/div><\/p>\n<p>Hoy <strong>comenzaban los trabajos de montaje<\/strong> de las carrozas en el CEIP Fil\u00f3sofo S\u00e9neca. Los camiones llegaron ayer pero ha sido durante esta jornada cuando han ido apareciendo la mayor\u00eda de asociaciones con sus materiales para empezar a construir sus maravillosas carrozas.<\/p>\n<p><a href=\"https:\/\/www.cabalgatadehortaleza.org\/wp-content\/uploads\/2015\/01\/B6bSUnFIEAAfTBm.jpg\"><img loading=\"lazy\" decoding=\"async\" class=\"alignnone size-full wp-image-349\" src=\"https:\/\/www.cabalgatadehortaleza.org\/wp-content\/uploads\/2015\/01\/B6bSUnFIEAAfTBm.jpg\" alt=\"Cabalgata de hortaleza 2015\" width=\"600\" height=\"450\" \/><\/a><\/p>\n<p>El tiempo nos ha acompa\u00f1ado con<strong> un d\u00eda muy soleado<\/strong> as\u00ed que ha sido un placer trabajar al aire libre, \u00a1no siempre tenemos esta suerte con el tiempo! Sin ir m\u00e1s lejos, el a\u00f1o pasado, el mismo d\u00eda 4 llov\u00eda impidiendo que pudi\u00e9semos finalizar el montaje y retras\u00e1ndolo al mismo d\u00eda 5 por la ma\u00f1ana, \u00bfos imagin\u00e1is que estr\u00e9s?<\/p>\n<p>A la hora de montar las carrozas, el trabajo art\u00edstico se suele llevar terminado. Las asociaciones dedican todo<strong> el mes de diciembre<\/strong> y \u00a0van avanzando lo m\u00e1ximo posible en sus locales. En ocasiones, debido a las dimensiones de los objetos decorativos hay que esperar hasta los d\u00edas de montaje para terminarlo, pero, afortunadamente, siempre da tiempo a todo.<\/p>\n<p>UNA CABALGATA CON SAMBA<\/p>\n<p>[\/fusion_builder_column][fusion_builder_column type=\u00bb1_1&#8243; background_position=\u00bbleft top\u00bb background_color=\u00bb\u00bb border_size=\u00bb\u00bb border_color=\u00bb\u00bb border_style=\u00bbsolid\u00bb spacing=\u00bbyes\u00bb background_image=\u00bb\u00bb background_repeat=\u00bbno-repeat\u00bb padding=\u00bb\u00bb margin_top=\u00bb0px\u00bb margin_bottom=\u00bb0px\u00bb class=\u00bb\u00bb id=\u00bb\u00bb animation_type=\u00bb\u00bb animation_speed=\u00bb0.3&#8243; animation_direction=\u00bbleft\u00bb hide_on_mobile=\u00bbno\u00bb center_content=\u00bbno\u00bb min_height=\u00bbnone\u00bb]<div id=\"attachment_348\" style=\"width: 610px\" class=\"wp-caption aligncenter\"><a href=\"https:\/\/www.cabalgatadehortaleza.org\/wp-content\/uploads\/2015\/01\/B6b6970IcAAxiFL.jpg\"><img loading=\"lazy\" decoding=\"async\" aria-describedby=\"caption-attachment-348\" class=\"size-full wp-image-348\" src=\"https:\/\/www.cabalgatadehortaleza.org\/wp-content\/uploads\/2015\/01\/B6b6970IcAAxiFL.jpg\" alt=\"Ensayo de samba\" width=\"600\" height=\"800\" srcset=\"https:\/\/www.cabalgatadehortaleza.org\/wp-content\/uploads\/2015\/01\/B6b6970IcAAxiFL.jpg 600w, https:\/\/www.cabalgatadehortaleza.org\/wp-content\/uploads\/2015\/01\/B6b6970IcAAxiFL-225x300.jpg 225w\" sizes=\"(max-width: 600px) 100vw, 600px\" \/><\/a><p id=\"caption-attachment-348\" class=\"wp-caption-text\">Ensayo de samba<\/p><\/div><\/p>\n<p>Adem\u00e1s de las carrozas, nuestra Cabalgata se caracteriza por llevar <strong>un gran grupo de batucada<\/strong>. Esta batucada est\u00e1 formada por <a href=\"http:\/\/sambaleza.jimdo.com\/\">Sambaleza<\/a>\u00a0y por personas que participan en Sambadriz.<\/p>\n<p>Esta ma\u00f1ana, mientras se empezaban a construir las carrozas, ha habido un ensayo del repertorio de los temas con los que har\u00e1n bailar al barrio el pr\u00f3ximo 5 de enero.<\/p>\n<p>Estamos <strong>muy agradecidas\/os a Sambadriz<\/strong> por ser fieles\u00a0a nuestra Cabalgata. Sambadriz es una red de sambas madrile\u00f1a que toca en grandes eventos, siempre de calado social y reivindicativo, con el fin de dar a las manifestaciones un aire de lucha festivo. En Sambadriz participan muchas formaciones de samba de todo Madrid, entre ellas Sambaleza, que es el bloco de Hortaleza; y es un honor para nosotras\/os saber que la primera actuaci\u00f3n de esta gran red fue en nuestra primera Cabalgata, la del a\u00f1o 2009. Como a la gente le gust\u00f3 tanto, siguen viniendo a tocar a Hortaleza a\u00f1o tras a\u00f1o para ponerle ritmo a nuestra Cabalgata Participativa de Hortaleza, la de toda la vida.<\/p>\n<p>CARAMELOS PARA TODO EL MUNDO<\/p>\n<p><a href=\"https:\/\/www.cabalgatadehortaleza.org\/wp-content\/uploads\/2015\/01\/am_79224_4397078_45519.jpg\"><img loading=\"lazy\" decoding=\"async\" class=\"alignnone size-large wp-image-350\" src=\"https:\/\/www.cabalgatadehortaleza.org\/wp-content\/uploads\/2015\/01\/am_79224_4397078_45519-1024x768.jpg\" alt=\"am_79224_4397078_45519\" width=\"474\" height=\"356\" \/><\/a><\/p>\n<p>Por \u00faltimo queremos aprovechar este post para hacer una petici\u00f3n. Este a\u00f1o vamos un pel\u00edn justas de caramelos y nos encantar\u00eda que hubiera muchos caramelos para todas las ni\u00f1as y ni\u00f1os, porque este a\u00f1o <strong>S\u00cd VA A HABER CARAMELOS<\/strong>. Por eso, si quieres ayudarnos <strong>colaborando<\/strong> con caramelos, puedes venir a traerlos al Colegio Fil\u00f3sofo S\u00e9neca (c\/ Santa Adela, 21) \u00a0que all\u00ed estaremos durante todo el d\u00eda de ma\u00f1ana y el d\u00eda 5 por la ma\u00f1ana las entidades organizadoras montando las carrozas. \u00a1Muchas gracias por adelantado!<\/p>\n<p>&nbsp;<\/p>\n<p>Y recuerda, si quieres enterarte de otras noticias de la Cabalgata visita nuestro Twitter y Facebook.<\/p>\n<p><a href=\"https:\/\/www.facebook.com\/cabalgata.dehortaleza\">facebook.com\/cabalgata.dehortaleza<\/a><\/p>\n<p><a href=\"https:\/\/twitter.com\/cabalgatahtz\">@cabalgataHTZ<\/a><\/p>\n<p>Y si quieres publicar tus aventuras en la cabalgata recuerda que el hashtag es<strong> #cabalgataHTZ<\/strong>[\/fusion_builder_column][\/fusion_builder_row][\/fusion_builder_container]<\/p>\n","protected":false},"excerpt":{"rendered":"<p>&nbsp; [fusion_builder_container hundred_percent=\u00bbyes\u00bb overflow=\u00bbvisible\u00bb][fusion_builder_row][fusion_builder_column type=\u00bb1_1&#8243; background_position=\u00bbleft top\u00bb background_color=\u00bb\u00bb border_size=\u00bb\u00bb border_color=\u00bb\u00bb border_style=\u00bbsolid\u00bb spacing=\u00bbyes\u00bb background_image=\u00bb\u00bb background_repeat=\u00bbno-repeat\u00bb padding=\u00bb\u00bb margin_top=\u00bb0px\u00bb margin_bottom=\u00bb0px\u00bb class=\u00bb\u00bb id=\u00bb\u00bb animation_type=\u00bb\u00bb animation_speed=\u00bb0.3&#8243; animation_direction=\u00bbleft\u00bb hide_on_mobile=\u00bbno\u00bb center_content=\u00bbno\u00bb min_height=\u00bbnone\u00bb] Hoy comenzaban los trabajos de montaje de las carrozas en el CEIP Fil\u00f3sofo S\u00e9neca. Los camiones llegaron ayer pero ha sido durante esta jornada cuando han ido apareciendo la mayor\u00eda [&hellip;]<\/p>\n","protected":false},"author":2,"featured_media":349,"comment_status":"open","ping_status":"open","sticky":false,"template":"","format":"image","meta":{"_et_pb_use_builder":"","_et_pb_old_content":"","_et_gb_content_width":"","footnotes":""},"categories":[9],"tags":[3,11,23,7,25,26,27],"class_list":["post-345","post","type-post","status-publish","format-image","has-post-thumbnail","hentry","category-noticias","tag-cabalgata","tag-cabalgata-hortaleza","tag-carrozas","tag-hortaleza","tag-samba","tag-sambadriz","tag-sambaleza","post_format-post-format-image"],"_links":{"self":[{"href":"https:\/\/www.cabalgatadehortaleza.org\/index.php?rest_route=\/wp\/v2\/posts\/345","targetHints":{"allow":["GET"]}}],"collection":[{"href":"https:\/\/www.cabalgatadehortaleza.org\/index.php?rest_route=\/wp\/v2\/posts"}],"about":[{"href":"https:\/\/www.cabalgatadehortaleza.org\/index.php?rest_route=\/wp\/v2\/types\/post"}],"author":[{"embeddable":true,"href":"https:\/\/www.cabalgatadehortaleza.org\/index.php?rest_route=\/wp\/v2\/users\/2"}],"replies":[{"embeddable":true,"href":"https:\/\/www.cabalgatadehortaleza.org\/index.php?rest_route=%2Fwp%2Fv2%2Fcomments&post=345"}],"version-history":[{"count":0,"href":"https:\/\/www.cabalgatadehortaleza.org\/index.php?rest_route=\/wp\/v2\/posts\/345\/revisions"}],"wp:featuredmedia":[{"embeddable":true,"href":"https:\/\/www.cabalgatadehortaleza.org\/index.php?rest_route=\/"}],"wp:attachment":[{"href":"https:\/\/www.cabalgatadehortaleza.org\/index.php?rest_route=%2Fwp%2Fv2%2Fmedia&parent=345"}],"wp:term":[{"taxonomy":"category","embeddable":true,"href":"https:\/\/www.cabalgatadehortaleza.org\/index.php?rest_route=%2Fwp%2Fv2%2Fcategories&post=345"},{"taxonomy":"post_tag","embeddable":true,"href":"https:\/\/www.cabalgatadehortaleza.org\/index.php?rest_route=%2Fwp%2Fv2%2Ftags&post=345"}],"curies":[{"name":"wp","href":"https:\/\/api.w.org\/{rel}","templated":true}]}}