{"id":361,"date":"2015-01-04T21:06:53","date_gmt":"2015-01-04T21:06:53","guid":{"rendered":"https:\/\/www.cabalgatadehortaleza.org\/?p=361"},"modified":"2015-01-04T21:06:53","modified_gmt":"2015-01-04T21:06:53","slug":"el-largo-viaje-del-rey-baltasar-hasta-la-cabalgata-de-hortaleza","status":"publish","type":"post","link":"https:\/\/www.cabalgatadehortaleza.org\/?p=361","title":{"rendered":"El largo viaje del rey Baltasar hasta la Cabalgata de Hortaleza"},"content":{"rendered":"<p style=\"text-align: left;\">Estamos siguiendo el viaje que Baltasar y Tarik est\u00e1n haciendo para llegar hasta Hortaleza por nuestro<a href=\"http:\/\/facebook.com\/cabalgatade.hortaleza\"> Facebook<\/a>, a modo de cuaderno de bit\u00e1cora. Os lo traemos aqu\u00ed para que no se os escape detalle.<\/p>\n<p style=\"text-align: center;\"><strong>Cap\u00edtulo 1<\/strong><\/p>\n<p><a href=\"https:\/\/www.cabalgatadehortaleza.org\/wp-content\/uploads\/2015\/01\/10888535_412083975627657_7296637223595875342_n.jpg\"><img loading=\"lazy\" decoding=\"async\" class=\"alignnone size-full wp-image-363\" src=\"https:\/\/www.cabalgatadehortaleza.org\/wp-content\/uploads\/2015\/01\/10888535_412083975627657_7296637223595875342_n.jpg\" alt=\"El largo viaje de Baltasar Cabalgata Hortaleza 2015\" width=\"600\" height=\"400\" srcset=\"https:\/\/www.cabalgatadehortaleza.org\/wp-content\/uploads\/2015\/01\/10888535_412083975627657_7296637223595875342_n.jpg 600w, https:\/\/www.cabalgatadehortaleza.org\/wp-content\/uploads\/2015\/01\/10888535_412083975627657_7296637223595875342_n-300x200.jpg 300w\" sizes=\"(max-width: 600px) 100vw, 600px\" \/><\/a><\/p>\n<p>Su majestad ha querido conocer la realidad a la que se ven abocados miles de subsaharianos que cada a\u00f1o tratan de llegar a Europa en b\u00fasqueda de unas condiciones de vida m\u00e1s dignas, realizando su viaje como un inmigrante m\u00e1s.<\/p>\n<p>Despu\u00e9s de la fiesta del Clara Eugenia del domingo, las asociaciones seguimos trabajando en pre<span class=\"text_exposed_show\">parar la carrozas para los Reyes.<\/span><\/p>\n<p>Sus majestades, Melchor y Gaspar ya nos han confirmado su presencia en Hortaleza. Sin embargo, Baltasar y su paje Tarik, tras semanas de recorrido se encuentran a\u00fan en el monte Gurug\u00fa esperando el momento adecuado para saltar la valla. Las autoridades les est\u00e1n poniendo complicado su paso a Melilla, y aunque a\u00fan no han podido confirmar su llegada, seg\u00fan nos informan siguen con esperanzas de poder dar el salto y acompa\u00f1arnos a todos y todas por las calles del barrio, el d\u00eda 5 de enero.<\/p>\n<p style=\"text-align: center;\"><strong>Cap\u00edtulo 2<\/strong><\/p>\n<p><a href=\"https:\/\/www.cabalgatadehortaleza.org\/wp-content\/uploads\/2015\/01\/10891588_412663012236420_4149915318055389101_n.jpg\"><img loading=\"lazy\" decoding=\"async\" class=\" size-full wp-image-366 aligncenter\" src=\"https:\/\/www.cabalgatadehortaleza.org\/wp-content\/uploads\/2015\/01\/10891588_412663012236420_4149915318055389101_n.jpg\" alt=\"Nos llegan informaciones desde Melilla, entre los inmigrantes que han logrado cruzar la valla se encuentran Baltasar y su paje. Tras saltar la valla se han dirigido al Centro de Estancia Temporal (CETI) junto con el resto de subsaharianos que han conseguido entrar. All\u00ed su Majestad est\u00e1 acompa\u00f1ando a muchas de las personas migrantes que cada d\u00eda hacen el mismo recorrido que este a\u00f1o el Rey ha querido realizar, con el objetivo de ver la situaci\u00f3n a la que se ven abocados miles de personas que cada a\u00f1o tratan de llegar a Europa en b\u00fasqueda de unas condiciones de vida m\u00e1s dignas. All\u00ed Baltasar ha tenido numerosos gestos de cari\u00f1o y reparte regalos e ilusi\u00f3n, as\u00ed como ha realizado unas declaraciones en las que reclama a los responsables pol\u00edticos la necesidad de tomar medidas ante las vulneraciones de derechos humanos que ha podido observar en el paso de la valla.\" width=\"310\" height=\"163\" srcset=\"https:\/\/www.cabalgatadehortaleza.org\/wp-content\/uploads\/2015\/01\/10891588_412663012236420_4149915318055389101_n.jpg 310w, https:\/\/www.cabalgatadehortaleza.org\/wp-content\/uploads\/2015\/01\/10891588_412663012236420_4149915318055389101_n-300x158.jpg 300w\" sizes=\"(max-width: 310px) 100vw, 310px\" \/><\/a><\/p>\n<p>Nos llegan informaciones desde Melilla, entre los inmigrantes que han logrado cruzar la valla se encuentran Baltasar y su paje. Tras saltar la valla se han dirigido al Centro de Estancia Temporal (CETI) junto con el resto de subsaharianos que han conseguido entrar. All\u00ed su Majestad est\u00e1 acompa\u00f1ando a muchas de las personas migrantes que cada d\u00eda hacen el mismo recorrido que este a\u00f1o el Rey ha querido<span class=\"text_exposed_show\"> realizar, con el objetivo de ver la situaci\u00f3n a la que se ven abocados miles de personas que cada a\u00f1o tratan de llegar a Europa en b\u00fasqueda de unas condiciones de vida m\u00e1s dignas.<\/span><\/p>\n<p><span class=\"text_exposed_show\"><img loading=\"lazy\" decoding=\"async\" class=\" size-full wp-image-367 aligncenter\" src=\"https:\/\/www.cabalgatadehortaleza.org\/wp-content\/uploads\/2015\/01\/10906264_412663402236381_898672690526126394_n.jpg\" alt=\"Nos llegan informaciones desde Melilla, entre los inmigrantes que han logrado cruzar la valla se encuentran Baltasar y su paje. Tras saltar la valla se han dirigido al Centro de Estancia Temporal (CETI) junto con el resto de subsaharianos que han conseguido entrar. All\u00ed su Majestad est\u00e1 acompa\u00f1ando a muchas de las personas migrantes que cada d\u00eda hacen el mismo recorrido que este a\u00f1o el Rey ha querido realizar, con el objetivo de ver la situaci\u00f3n a la que se ven abocados miles de personas que cada a\u00f1o tratan de llegar a Europa en b\u00fasqueda de unas condiciones de vida m\u00e1s dignas. All\u00ed Baltasar ha tenido numerosos gestos de cari\u00f1o y reparte regalos e ilusi\u00f3n, as\u00ed como ha realizado unas declaraciones en las que reclama a los responsables pol\u00edticos la necesidad de tomar medidas ante las vulneraciones de derechos humanos que ha podido observar en el paso de la valla.\" width=\"241\" height=\"286\" \/><br \/>\nAll\u00ed Baltasar ha tenido numerosos gestos de cari\u00f1o y reparte regalos e ilusi\u00f3n, as\u00ed como ha realizado unas declaraciones en las que reclama a los responsables pol\u00edticos la necesidad de tomar medidas ante las vulneraciones de derechos humanos que ha podido observar en el paso de la valla.<\/span><\/p>\n<p style=\"text-align: center;\"><strong>Cap\u00edtulo 3<\/strong><\/p>\n<p>Hoy, 1 de enero de 2015, Baltasar, y Tarik han pasado el d\u00eda en Melilla intentando buscar un m\u00e9todo para cruzar el estrecho, tras contactar con una mafia que se dedica al paso de imnigrantes a las costas espa\u00f1olas, les han ofrecido cruzar embarcados en una patera impulsada a motor por 900 euros a cada uno. Aunque eso conlleva quedarse pr\u00e1cticamente sin dinero. Aceptan y se preparan para embarcar a las 12 de la noche, junto con otro grupo de personas entre las que se encuentra una mujer embarazada y 2 ni\u00f1os peque\u00f1os.<\/p>\n<p style=\"text-align: center;\"><strong>Cap\u00edtulo 4<\/strong><\/p>\n<p style=\"text-align: center;\"><a href=\"https:\/\/www.cabalgatadehortaleza.org\/wp-content\/uploads\/2015\/01\/10407941_413644138804974_1894331482088196875_n.jpg\"><img loading=\"lazy\" decoding=\"async\" class=\" size-full wp-image-365 aligncenter\" src=\"https:\/\/www.cabalgatadehortaleza.org\/wp-content\/uploads\/2015\/01\/10407941_413644138804974_1894331482088196875_n.jpg\" alt=\"el largo viaje de baltasar y tarik cabalgata hortaleza 2015\" width=\"415\" height=\"304\" srcset=\"https:\/\/www.cabalgatadehortaleza.org\/wp-content\/uploads\/2015\/01\/10407941_413644138804974_1894331482088196875_n.jpg 415w, https:\/\/www.cabalgatadehortaleza.org\/wp-content\/uploads\/2015\/01\/10407941_413644138804974_1894331482088196875_n-300x220.jpg 300w\" sizes=\"(max-width: 415px) 100vw, 415px\" \/><\/a><\/p>\n<p>Tras una dura y dif\u00edcil traves\u00eda, Balltasar y Tarik, han conseguido llegar junto con otras 14 personas a las costas Alicantinas, donde han sido apoyados y atendidos por personal voluntario ya que se encontraban con importantes s\u00edntomas de hipotermia. Baltasar se siente abrumado por imaginar la cantidad de personas que dejan sus tierras y sus familias, y realizan este terrible viaje con la \u00fanica idea de llegar a <span class=\"text_exposed_show\">Europa y trabajar, sin saber las dificultades con las que se encontrar\u00e1n por el camino. El tuvo la suerte de poder llegar a las costas espa\u00f1olas, pero cada a\u00f1o cientos de personas mueren al cruzar el estrecho en pateras. Balltasar y Tarik, pasaran el d\u00eda en las instalaciones que gestiona una ONG que trabaja con personas inmigrantes descansando y cogiendo fuerzas. El Rey quiere agradecer el trabajo que realizan estas entidades sin \u00e1nimo de lucro a favor de los m\u00e1s necesitados<\/span><\/p>\n<p style=\"text-align: center;\"><strong>Cap\u00edtulo 5<\/strong><\/p>\n<p>El paje de Baltasar, Tarik, tiene un amigo en Espa\u00f1a que les ayudar\u00e1 con el transporte hasta Madrid. A trav\u00e9s de este contacto, un camionero espa\u00f1ol les llevar\u00e1 escondidos en la carga que tiene que llevar hasta la capital.<br \/>\nTras 6 horas de viaje a oscuras, el camionero les deja en el barrio Madrile\u00f1o de Lavapi\u00e9s, donde Baltasar y Tarik son acogidos con mucho cari\u00f1o y pasan la noche en la casa de un grupo de Senegaleses, donde viven 13 personas en apenas 50 metros cuadrados.<\/p>\n<p style=\"text-align: center;\"><strong>Cap\u00edtulo 6<\/strong><\/p>\n<p><a href=\"https:\/\/www.cabalgatadehortaleza.org\/wp-content\/uploads\/2015\/01\/10906181_414477448721643_845414297434625394_n.jpg\"><img loading=\"lazy\" decoding=\"async\" class=\"alignnone size-full wp-image-362\" src=\"https:\/\/www.cabalgatadehortaleza.org\/wp-content\/uploads\/2015\/01\/10906181_414477448721643_845414297434625394_n.jpg\" alt=\"el largo viaje de Baltasar Cabalgata Hortaleza 2015\" width=\"560\" height=\"240\" srcset=\"https:\/\/www.cabalgatadehortaleza.org\/wp-content\/uploads\/2015\/01\/10906181_414477448721643_845414297434625394_n.jpg 560w, https:\/\/www.cabalgatadehortaleza.org\/wp-content\/uploads\/2015\/01\/10906181_414477448721643_845414297434625394_n-300x129.jpg 300w\" sizes=\"(max-width: 560px) 100vw, 560px\" \/><\/a><\/p>\n<p>Paseando por el barrio, Baltasar y Tarik llaman la atenci\u00f3n por su indumentaria, mu<span class=\"text_exposed_show\">chos vecinos les saludan con entusiasmo y sorprendidos de ver el Rey Baltasar tan cercano. Ante el tumulto que se hab\u00eda congregado, la polic\u00eda interviene y pide los papeles a Baltasar y Tarik. A Tarik le parece una terrible falta de respeto y les increpa por su actitud. La situaci\u00f3n se vuelve tensa y tras un forcejeo, la polic\u00eda se lleva a Tarik esposado y lo ingresan en el Centro de Internamiento de extranjeros de Aluche.<\/span><\/p>\n<p>&nbsp;<\/p>\n<p>\u00bfLlegar\u00e1 Tarik a tiempo a la Cabalgata de Hortaleza? \u00bfy Baltasar?\u00bftambi\u00e9n se perder\u00e1 la Cabalgata de Hortaleza buscando la manera de liberar a su querido paje Tarik?<\/p>\n<p>&nbsp;<\/p>\n<p>Ma\u00f1ana a las 18:00 en la Plaza Santos de la Humosa encontrar\u00e9is la respuesta.<\/p>\n","protected":false},"excerpt":{"rendered":"<p>Estamos siguiendo el viaje que Baltasar y Tarik est\u00e1n haciendo para llegar hasta Hortaleza por nuestro Facebook, a modo de cuaderno de bit\u00e1cora. Os lo traemos aqu\u00ed para que no se os escape detalle. Cap\u00edtulo 1 Su majestad ha querido conocer la realidad a la que se ven abocados miles de subsaharianos que cada a\u00f1o [&hellip;]<\/p>\n","protected":false},"author":2,"featured_media":363,"comment_status":"open","ping_status":"open","sticky":false,"template":"","format":"standard","meta":{"_et_pb_use_builder":"","_et_pb_old_content":"","_et_gb_content_width":"","footnotes":""},"categories":[9],"tags":[28,3,11,21,29],"class_list":["post-361","post","type-post","status-publish","format-standard","has-post-thumbnail","hentry","category-noticias","tag-baltasar","tag-cabalgata","tag-cabalgata-hortaleza","tag-cabalgata-hortaleza-2015","tag-largo-viaje-baltasar"],"_links":{"self":[{"href":"https:\/\/www.cabalgatadehortaleza.org\/index.php?rest_route=\/wp\/v2\/posts\/361","targetHints":{"allow":["GET"]}}],"collection":[{"href":"https:\/\/www.cabalgatadehortaleza.org\/index.php?rest_route=\/wp\/v2\/posts"}],"about":[{"href":"https:\/\/www.cabalgatadehortaleza.org\/index.php?rest_route=\/wp\/v2\/types\/post"}],"author":[{"embeddable":true,"href":"https:\/\/www.cabalgatadehortaleza.org\/index.php?rest_route=\/wp\/v2\/users\/2"}],"replies":[{"embeddable":true,"href":"https:\/\/www.cabalgatadehortaleza.org\/index.php?rest_route=%2Fwp%2Fv2%2Fcomments&post=361"}],"version-history":[{"count":0,"href":"https:\/\/www.cabalgatadehortaleza.org\/index.php?rest_route=\/wp\/v2\/posts\/361\/revisions"}],"wp:featuredmedia":[{"embeddable":true,"href":"https:\/\/www.cabalgatadehortaleza.org\/index.php?rest_route=\/wp\/v2\/media\/363"}],"wp:attachment":[{"href":"https:\/\/www.cabalgatadehortaleza.org\/index.php?rest_route=%2Fwp%2Fv2%2Fmedia&parent=361"}],"wp:term":[{"taxonomy":"category","embeddable":true,"href":"https:\/\/www.cabalgatadehortaleza.org\/index.php?rest_route=%2Fwp%2Fv2%2Fcategories&post=361"},{"taxonomy":"post_tag","embeddable":true,"href":"https:\/\/www.cabalgatadehortaleza.org\/index.php?rest_route=%2Fwp%2Fv2%2Ftags&post=361"}],"curies":[{"name":"wp","href":"https:\/\/api.w.org\/{rel}","templated":true}]}}