{"id":671,"date":"2016-11-17T12:20:34","date_gmt":"2016-11-17T12:20:34","guid":{"rendered":"https:\/\/www.cabalgatadehortaleza.org\/?p=671"},"modified":"2016-11-17T12:20:34","modified_gmt":"2016-11-17T12:20:34","slug":"concurso-de-carteles-infantiles","status":"publish","type":"post","link":"https:\/\/www.cabalgatadehortaleza.org\/?p=671","title":{"rendered":"Concurso de carteles infantiles"},"content":{"rendered":"<p><a href=\"https:\/\/www.cabalgatadehortaleza.org\/wp-content\/uploads\/2015\/10\/carteles_ok2.gif\"><img loading=\"lazy\" decoding=\"async\" class=\" size-medium wp-image-1126 aligncenter\" src=\"https:\/\/www.cabalgatadehortaleza.org\/wp-content\/uploads\/2015\/10\/carteles_ok2-212x300.gif\" alt=\"\" width=\"212\" height=\"300\" \/><\/a><br \/>\n[fusion_builder_container hundred_percent=\u00bbyes\u00bb overflow=\u00bbvisible\u00bb][fusion_builder_row][fusion_builder_column type=\u00bb1_1&#8243; last=\u00bbyes\u00bb spacing=\u00bbyes\u00bb center_content=\u00bbno\u00bb hide_on_mobile=\u00bbno\u00bb background_color=\u00bb\u00bb background_image=\u00bb\u00bb background_repeat=\u00bbno-repeat\u00bb background_position=\u00bbleft top\u00bb border_position=\u00bball\u00bb border_size=\u00bb0px\u00bb border_color=\u00bb\u00bb border_style=\u00bb\u00bb padding=\u00bb\u00bb margin_top=\u00bb\u00bb margin_bottom=\u00bb\u00bb animation_type=\u00bb\u00bb animation_direction=\u00bb\u00bb animation_speed=\u00bb0.1&#8243; class=\u00bb\u00bb id=\u00bb\u00bb][fusion_title size=\u00bb2&#8243; content_align=\u00bbleft\u00bb style_type=\u00bbdefault\u00bb sep_color=\u00bb\u00bb margin_top=\u00bb\u00bb margin_bottom=\u00bb\u00bb class=\u00bb\u00bb id=\u00bb\u00bb]<strong>VI Concurso de carteles de la Cabalgata Participativa de Hortaleza<\/strong>[\/fusion_title][fusion_text]<\/p>\n<div style=\"text-align: justify; text-justify: distribute-all-lines;\">Las entidades organizadoras de la Cabalgata Participativa de Hortaleza convocan el VI\u00a0Concurso de Carteles de la Cabalgata Participativa de Hortaleza, \u201cla de toda la vida\u201d.<\/div>\n<p>[\/fusion_text][\/fusion_builder_column][fusion_builder_column type=\u00bb1_1&#8243; last=\u00bbyes\u00bb spacing=\u00bbyes\u00bb center_content=\u00bbno\u00bb hide_on_mobile=\u00bbno\u00bb background_color=\u00bb\u00bb background_image=\u00bb\u00bb background_repeat=\u00bbno-repeat\u00bb background_position=\u00bbleft top\u00bb border_position=\u00bball\u00bb border_size=\u00bb0px\u00bb border_color=\u00bb\u00bb border_style=\u00bb\u00bb padding=\u00bb\u00bb margin_top=\u00bb\u00bb margin_bottom=\u00bb\u00bb animation_type=\u00bb\u00bb animation_direction=\u00bb\u00bb animation_speed=\u00bb0.1&#8243; class=\u00bb\u00bb id=\u00bb\u00bb][fusion_text]<\/p>\n<div style=\"text-align: justify; text-justify: distribute-all-lines;\"><strong>BASES<\/strong><\/div>\n<ul>\n<li>Podr\u00e1 participar el alumnado de Primaria de los diferentes centros educativos,\u00a0asociaciones y organizacion del distrito de Hortaleza<\/li>\n<li>Todos los carteles han de ser in\u00e9ditos y originales y el tema del cartel ser\u00e1 la\u00a0celebraci\u00f3n de la Cabalgata Participativa de Hortaleza<\/li>\n<li>Los carteles se entregar\u00e1n en las siguientes direcciones:\n<ul>\n<li>Sede del AMPA (Asociaci\u00f3n de Padres y Madres) de tu centro educativo<\/li>\n<li>Radio Enlace. c\/ Costa del Sol 13, posterior<\/li>\n<li>AAVV La Uni\u00f3n de Hortaleza. c\/ Santa Susana 55, posterior<\/li>\n<\/ul>\n<\/li>\n<li>El \u00faltimo d\u00eda para presentar los carteles es el d\u00eda 5 de diciembre de 2015<\/li>\n<li>Los premios podr\u00edan quedar desiertos<\/li>\n<\/ul>\n<p>El Jurado fallar\u00e1 el d\u00eda 7 de diciembre y los resultados ser\u00e1n p\u00fablicos a trav\u00e9s de<\/p>\n<p>www.hortalezaenred.org y www.cabalgatadehortaleza.org<\/p>\n<ul>\n<li>Los carteles no tendr\u00e1n limitaci\u00f3n en cuanto al uso de colores. Deber\u00e1n tener unformato de A4 o A3 y haber sido elaborados en papel, cartel o cartulina. Las obrasdeber\u00e1n ser presentadas, junto con un sobre cerrado, en el que aparezca el nombre,t\u00edtulo y datos de contacto del autor o autora.<\/li>\n<\/ul>\n<p>[\/fusion_text][\/fusion_builder_column][fusion_builder_column type=\u00bb1_1&#8243; last=\u00bbyes\u00bb spacing=\u00bbyes\u00bb center_content=\u00bbno\u00bb hide_on_mobile=\u00bbno\u00bb background_color=\u00bb\u00bb background_image=\u00bb\u00bb background_repeat=\u00bbno-repeat\u00bb background_position=\u00bbleft top\u00bb border_position=\u00bball\u00bb border_size=\u00bb0px\u00bb border_color=\u00bb\u00bb border_style=\u00bb\u00bb padding=\u00bb\u00bb margin_top=\u00bb\u00bb margin_bottom=\u00bb\u00bb animation_type=\u00bb\u00bb animation_direction=\u00bb\u00bb animation_speed=\u00bb0.1&#8243; class=\u00bb\u00bb id=\u00bb\u00bb][fusion_text]<\/p>\n<div style=\"text-align: justify; text-justify: distribute-all-lines;\"><strong>PREMIOS<\/strong><\/div>\n<ul>\n<li>La obra ganadora se utilizar\u00e1 como cartel anunciador de la celebraci\u00f3n de la Cabalgata<\/li>\n<li>Se destinar\u00e1 un magn\u00edfico premio sorpresa para la obra ganadora<\/li>\n<\/ul>\n<p><strong>OTROS<\/strong><\/p>\n<ul>\n<li>El jurado har\u00e1 una selecci\u00f3n de las obras presentadas y con ellas se realizar\u00e1 una exposici\u00f3n del d\u00eda 11 al 18 de diciembre, en el centro cultural Carril del Conde, y el d\u00eda 18 de diciembre, durante la celebraci\u00f3n del Encuentro de Asociaciones que celebraremos en el Parque Clara Eugenia.<\/li>\n<li>El Jurado estar\u00e1 compuesto por miembros de las diferentes asociaciones organizadoras de la Cabalgata Participativa<\/li>\n<li>La participaci\u00f3n en el concurso de carteles supone la aceptaci\u00f3n de las presentes bases<\/li>\n<\/ul>\n<p>[\/fusion_text][\/fusion_builder_column][fusion_builder_column type=\u00bb1_1&#8243; last=\u00bbyes\u00bb spacing=\u00bbyes\u00bb center_content=\u00bbno\u00bb hide_on_mobile=\u00bbno\u00bb background_color=\u00bb\u00bb background_image=\u00bb\u00bb background_repeat=\u00bbno-repeat\u00bb background_position=\u00bbleft top\u00bb border_position=\u00bball\u00bb border_size=\u00bb0px\u00bb border_color=\u00bb\u00bb border_style=\u00bb\u00bb padding=\u00bb\u00bb margin_top=\u00bb\u00bb margin_bottom=\u00bb\u00bb animation_type=\u00bb\u00bb animation_direction=\u00bb\u00bb animation_speed=\u00bb0.1&#8243; class=\u00bb\u00bb id=\u00bb\u00bb][\/fusion_builder_column][\/fusion_builder_row][\/fusion_builder_container]<\/p>\n","protected":false},"excerpt":{"rendered":"<p>[fusion_builder_container hundred_percent=\u00bbyes\u00bb overflow=\u00bbvisible\u00bb][fusion_builder_row][fusion_builder_column type=\u00bb1_1&#8243; last=\u00bbyes\u00bb spacing=\u00bbyes\u00bb center_content=\u00bbno\u00bb hide_on_mobile=\u00bbno\u00bb background_color=\u00bb\u00bb background_image=\u00bb\u00bb background_repeat=\u00bbno-repeat\u00bb background_position=\u00bbleft top\u00bb border_position=\u00bball\u00bb border_size=\u00bb0px\u00bb border_color=\u00bb\u00bb border_style=\u00bb\u00bb padding=\u00bb\u00bb margin_top=\u00bb\u00bb margin_bottom=\u00bb\u00bb animation_type=\u00bb\u00bb animation_direction=\u00bb\u00bb animation_speed=\u00bb0.1&#8243; class=\u00bb\u00bb id=\u00bb\u00bb][fusion_title size=\u00bb2&#8243; content_align=\u00bbleft\u00bb style_type=\u00bbdefault\u00bb sep_color=\u00bb\u00bb margin_top=\u00bb\u00bb margin_bottom=\u00bb\u00bb class=\u00bb\u00bb id=\u00bb\u00bb]VI Concurso de carteles de la Cabalgata Participativa de Hortaleza[\/fusion_title][fusion_text] Las entidades organizadoras de la Cabalgata Participativa de Hortaleza convocan el VI\u00a0Concurso de [&hellip;]<\/p>\n","protected":false},"author":2,"featured_media":1126,"comment_status":"open","ping_status":"open","sticky":false,"template":"","format":"standard","meta":{"_et_pb_use_builder":"","_et_pb_old_content":"","_et_gb_content_width":"","footnotes":""},"categories":[4],"tags":[],"class_list":["post-671","post","type-post","status-publish","format-standard","has-post-thumbnail","hentry","category-eventos"],"_links":{"self":[{"href":"https:\/\/www.cabalgatadehortaleza.org\/index.php?rest_route=\/wp\/v2\/posts\/671","targetHints":{"allow":["GET"]}}],"collection":[{"href":"https:\/\/www.cabalgatadehortaleza.org\/index.php?rest_route=\/wp\/v2\/posts"}],"about":[{"href":"https:\/\/www.cabalgatadehortaleza.org\/index.php?rest_route=\/wp\/v2\/types\/post"}],"author":[{"embeddable":true,"href":"https:\/\/www.cabalgatadehortaleza.org\/index.php?rest_route=\/wp\/v2\/users\/2"}],"replies":[{"embeddable":true,"href":"https:\/\/www.cabalgatadehortaleza.org\/index.php?rest_route=%2Fwp%2Fv2%2Fcomments&post=671"}],"version-history":[{"count":0,"href":"https:\/\/www.cabalgatadehortaleza.org\/index.php?rest_route=\/wp\/v2\/posts\/671\/revisions"}],"wp:featuredmedia":[{"embeddable":true,"href":"https:\/\/www.cabalgatadehortaleza.org\/index.php?rest_route=\/wp\/v2\/media\/1126"}],"wp:attachment":[{"href":"https:\/\/www.cabalgatadehortaleza.org\/index.php?rest_route=%2Fwp%2Fv2%2Fmedia&parent=671"}],"wp:term":[{"taxonomy":"category","embeddable":true,"href":"https:\/\/www.cabalgatadehortaleza.org\/index.php?rest_route=%2Fwp%2Fv2%2Fcategories&post=671"},{"taxonomy":"post_tag","embeddable":true,"href":"https:\/\/www.cabalgatadehortaleza.org\/index.php?rest_route=%2Fwp%2Fv2%2Ftags&post=671"}],"curies":[{"name":"wp","href":"https:\/\/api.w.org\/{rel}","templated":true}]}}